{"id":2578,"date":"2024-07-11T14:11:53","date_gmt":"2024-07-11T13:11:53","guid":{"rendered":"https:\/\/careleaverpp.org\/?p=2578"},"modified":"2026-01-05T15:04:29","modified_gmt":"2026-01-05T15:04:29","slug":"clpp-conference-2024-inter-agency-working-to-maximise-outcomes-for-care-leavers","status":"publish","type":"post","link":"https:\/\/careleaverpp.org\/tr\/clpp-conference-2024-inter-agency-working-to-maximise-outcomes-for-care-leavers\/","title":{"rendered":"CLPP Konferans\u0131 2024: Bak\u0131m Evinden Ayr\u0131lan Gen\u00e7ler \u0130\u00e7in Sonu\u00e7lar\u0131 En \u00dcst D\u00fczeye \u00c7\u0131karmak \u0130\u00e7in Kurumlar Aras\u0131 \u0130\u015fbirli\u011fi"},"content":{"rendered":"<p>4 Temmuz 2024 Per\u015fembe g\u00fcn\u00fc, Bak\u0131m Evinden Ayr\u0131lanlar\u0131n Geli\u015fim Ortakl\u0131\u011f\u0131 (CLPP), Medway kamp\u00fcs\u00fcndeki Pilkington Binas\u0131&#039;nda, Greenwich ve Kent \u00dcniversiteleri&#039;nde y\u0131ll\u0131k konferans\u0131n\u0131 d\u00fczenledi. Konferans\u0131n temas\u0131 \u015fuydu: <em>Kurumlar Aras\u0131 \u00c7al\u0131\u015fma: E\u011fitim Sa\u011flay\u0131c\u0131lar\u0131 Bak\u0131mdan Ayr\u0131lanlar\u0131n Sonu\u00e7lar\u0131n\u0131 En \u00dcst D\u00fczeye \u00c7\u0131karmak \u0130\u00e7in Di\u011fer Hizmetlerle Nas\u0131l \u00c7al\u0131\u015fabilir?<\/em> \u2014 E\u011fitim, yerel y\u00f6netimler, sa\u011fl\u0131k hizmetleri ve g\u00f6n\u00fcll\u00fc sekt\u00f6rden profesyonelleri bir araya getirerek, birlikte \u00e7al\u0131\u015fman\u0131n bak\u0131ma muhta\u00e7 gen\u00e7lerin ya\u015fam \u015fanslar\u0131n\u0131 nas\u0131l iyile\u015ftirebilece\u011fini ara\u015ft\u0131rd\u0131.<\/p>\n\n\n\n<h3 class=\"wp-block-heading\">G\u00fc\u00e7l\u00fc Bir A\u00e7\u0131l\u0131\u015f ve \u0130lham Verici A\u00e7\u0131l\u0131\u015f Konu\u015fmalar\u0131<\/h3>\n\n\n\n<p>G\u00fcn, s\u0131cak bir kar\u015f\u0131lamayla ba\u015flad\u0131 <strong>Lucy McLeod<\/strong>Bak\u0131m Evinden Ayr\u0131lanlar\u0131n Geli\u015fim Ortakl\u0131\u011f\u0131 Ba\u015fkan\u0131 ve EKC Grubu Genel M\u00fcd\u00fcr Yard\u0131mc\u0131s\u0131, bak\u0131m evinden ayr\u0131lanlar i\u00e7in i\u015fbirli\u011fi, ortak sorumluluk ve hedeflere odaklanan bir g\u00fcn\u00fcn a\u00e7\u0131l\u0131\u015f konu\u015fmas\u0131n\u0131 yapt\u0131.<\/p>\n\n\n\n<p>Bunu, il\u00e7e y\u00f6netiminden gelen bir konu\u015fma izledi. <strong>Sue Chandler<\/strong>\u00c7ocuk Hizmetlerinden Sorumlu Kabine \u00dcyesi, hizmetler aras\u0131 ortak \u00e7al\u0131\u015fman\u0131n \u00f6nemine ve bak\u0131m deneyimi ya\u015fam\u0131\u015f gen\u00e7leri desteklemede yerel liderli\u011fin rol\u00fcne de\u011findi.<\/p>\n\n\n\n<p>Sabahki a\u00e7\u0131l\u0131\u015f konu\u015fmas\u0131n\u0131 \u015fu ki\u015fi yapt\u0131: <strong>Kriss Akabusi MBE<\/strong>Olimpiyat sporcusu, yazar ve motivasyon konu\u015fmac\u0131s\u0131 Kriss, kendi ya\u015fam \u00f6yk\u00fcs\u00fcnden ve kariyerinden yola \u00e7\u0131karak, dayan\u0131kl\u0131l\u0131k, \u00f6zg\u00fcven ve gen\u00e7lerin potansiyelini destekleyen ki\u015filerin \u00f6nemi hakk\u0131nda g\u00fc\u00e7l\u00fc bir konu\u015fma yapt\u0131. Elektrikleyici enerjisi ve mesaj\u0131, kat\u0131l\u0131mc\u0131larda b\u00fcy\u00fck yank\u0131 uyand\u0131rd\u0131 ve te\u015fvikin, \u00f6zlemin ve rol modellerin sonu\u00e7lar\u0131 \u015fekillendirmedeki etkisini peki\u015ftirdi.<\/p>\n\n\n\n<p>Sabah\u0131n ilerleyen saatlerinde, <strong>Dr. Anna James<\/strong>Kriminolog ve March Training and Development&#039;ta dan\u0131\u015fman olan [isim], d\u00fc\u015f\u00fcnd\u00fcr\u00fcc\u00fc bir oturum ger\u00e7ekle\u015ftirdi: <em>Bak\u0131m evlerinden ayr\u0131lan gen\u00e7lerin e\u011fitimde ba\u015far\u0131l\u0131 olmalar\u0131na nas\u0131l yard\u0131mc\u0131 olunur?<\/em>Sunumunda, bak\u0131m evlerinden ayr\u0131lan gen\u00e7lerin e\u011fitimde kar\u015f\u0131la\u015ft\u0131klar\u0131 yap\u0131sal ve ki\u015fisel engelleri ele ald\u0131 ve gen\u00e7lerin sadece e\u011fitime eri\u015fmelerine de\u011fil, ayn\u0131 zamanda e\u011fitimde ba\u015far\u0131l\u0131 olmalar\u0131na da yard\u0131mc\u0131 olmak i\u00e7in profesyonellerin uygulayabilece\u011fi pratik, travma odakl\u0131 yakla\u015f\u0131mlar\u0131 vurgulad\u0131.<\/p>\n\n\n\n<h3 class=\"wp-block-heading\">At\u00f6lye \u00c7al\u0131\u015fmalar\u0131: Karma\u015f\u0131kl\u0131\u011f\u0131 ve Uygulamay\u0131 Ke\u015ffetmek<\/h3>\n\n\n\n<p>\u00d6\u011fleden sonraki at\u00f6lye \u00e7al\u0131\u015fmalar\u0131, kat\u0131l\u0131mc\u0131lara bak\u0131m evlerinden ayr\u0131lan gen\u00e7leri etkileyen temel temalarla daha derinlemesine ilgilenme f\u0131rsat\u0131 vererek hem stratejik bilgiler hem de pratik ara\u00e7lar sundu.<\/p>\n\n\n\n<p>Oturumlar \u015funlar\u0131 i\u00e7eriyordu:<\/p>\n\n\n\n<ul class=\"wp-block-list\">\n<li><strong>Sanal Okul D\u00fcnyas\u0131 ve Yerel E\u011fitim Olanaklar\u0131<\/strong> (Kent Sanal Okulu ve 18+ Bak\u0131m Evinden Ayr\u0131lan Gen\u00e7ler Hizmeti), terminolojiyi basitle\u015ftirerek ve e\u011fitim sa\u011flay\u0131c\u0131lar\u0131n\u0131n gen\u00e7leri desteklemek i\u00e7in yasal hizmetlerle nas\u0131l etkili bir \u015fekilde \u00e7al\u0131\u015fabilece\u011fini a\u00e7\u0131kl\u0131\u011fa kavu\u015fturdu.<\/li>\n\n\n\n<li><strong>Geli\u015fim Planlar\u0131 Arac\u0131l\u0131\u011f\u0131yla Refah\u0131 Desteklemeye Y\u00f6nelik Proaktif Yakla\u015f\u0131mlar<\/strong> (Become), de\u011fi\u015fen ihtiya\u00e7lar, beklentiler ve refahla birlikte geli\u015fen, gen\u00e7lerin \u00f6nc\u00fcl\u00fc\u011f\u00fcnde yap\u0131lan planlaman\u0131n \u00f6nemine odaklanmaktad\u0131r.<\/li>\n\n\n\n<li><strong>\u0130l\u00e7e Hatlar\u0131 ve \u00c7eteler<\/strong> (Kent \u00c7ete ve Uyu\u015fturucu Ba\u011flant\u0131lar\u0131 Servisi), profesyonelleri istismar\u0131n belirtilerini tan\u0131malar\u0131 konusunda donat\u0131rken, gen\u00e7lerin deneyimlerine kar\u015f\u0131 dengeli ve \u015fefkatli bir anlay\u0131\u015f geli\u015ftirmelerini sa\u011flar.<\/li>\n\n\n\n<li><strong>Otizm Fark\u0131ndal\u0131\u011f\u0131<\/strong> (Broadstairs Koleji), bak\u0131m deneyimi ya\u015fam\u0131\u015f otizmli gen\u00e7lerin kar\u015f\u0131la\u015ft\u0131\u011f\u0131 ek zorluklara dikkat \u00e7ekiyor ve kapsay\u0131c\u0131 ve destekleyici uygulamalar konusunda rehberlik sunuyor.<\/li>\n\n\n\n<li><strong>Sosyal ve duygusal sa\u011fl\u0131k sorunlar\u0131 ve konu\u015fma-\u00f6\u011frenme g\u00fc\u00e7l\u00fc\u011f\u00fc \u00e7eken gen\u00e7lerle \u00e7al\u0131\u015fmak<\/strong> (EKC Grubu), ileti\u015fim ihtiya\u00e7lar\u0131 ile sosyal, duygusal ve zihinsel sa\u011fl\u0131k aras\u0131ndaki g\u00fc\u00e7l\u00fc ba\u011flant\u0131y\u0131 ve kat\u0131l\u0131m\u0131 ve \u00f6\u011frenmeyi destekleme stratejilerini inceliyor.<\/li>\n\n\n\n<li><strong>Bak\u0131mdan Ayr\u0131lanlar \u0130\u00e7in \u0130\u015f D\u00fcnyas\u0131nda F\u0131rsatlar<\/strong> (NHS Kent ve Medway ve Social Enterprise Kent), sa\u011fl\u0131k, sosyal bak\u0131m ve sosyal giri\u015fimcilik sekt\u00f6rlerinde istihdam yollar\u0131n\u0131 sergiliyor ve kat\u0131l\u0131m f\u0131rsatlar\u0131n\u0131 geni\u015fletiyor.<\/li>\n<\/ul>\n\n\n\n<p>Kat\u0131l\u0131mc\u0131lar, at\u00f6lye \u00e7al\u0131\u015fmalar\u0131n\u0131n kapsam\u0131n\u0131 ve g\u00fcncelli\u011fini, \u00f6zellikle de karma\u015f\u0131kl\u0131\u011f\u0131 anlama ve empati ve i\u015fbirli\u011fiyle yan\u0131t verme vurgusunu takdir ettiler.<\/p>\n\n\n\n<h3 class=\"wp-block-heading\">Kurumlar Aras\u0131 \u0130\u015fbirli\u011fi Uygulamada<\/h3>\n\n\n\n<p>G\u00fcn\u00fcn en \u00f6nemli \u00f6zelliklerinden biri \u015fuydu: <strong>T\u00fcm Delegelerin Kat\u0131ld\u0131\u011f\u0131 Kurumlararas\u0131 \u00c7al\u0131\u015fma \u00c7al\u0131\u015ftay\u0131<\/strong>Bu etkinlik, farkl\u0131 sekt\u00f6rlerdeki profesyonellerin nas\u0131l daha b\u00fct\u00fcnsel bir \u015fekilde \u00e7al\u0131\u015fabilece\u011fi, izole bir \u015fekilde de\u011fil, \u00fczerine d\u00fc\u015f\u00fcnmek i\u00e7in herkesi bir araya getirdi. Tart\u0131\u015fmalar, b\u00f6l\u00fcmler aras\u0131 engelleri ortadan kald\u0131rmaya, ileti\u015fimi geli\u015ftirmeye ve bak\u0131m evinden ayr\u0131lanlar\u0131n destek konusunda par\u00e7alanma yerine s\u00fcreklilik ya\u015famas\u0131n\u0131 sa\u011flamaya odakland\u0131.<\/p>\n\n\n\n<p>Bu oturum, konferans\u0131n temel mesaj\u0131n\u0131 peki\u015ftirdi: hi\u00e7bir tek hizmet, bak\u0131m evlerinden ayr\u0131lan gen\u00e7lerin ihtiya\u00e7lar\u0131n\u0131 tek ba\u015f\u0131na kar\u015f\u0131layamaz ve anlaml\u0131 ilerleme, ba\u011flant\u0131 kurmaya, ortak anlay\u0131\u015fa ve kolektif sorumlulu\u011fa ba\u011fl\u0131d\u0131r.<\/p>\n\n\n\n<h3 class=\"wp-block-heading\">Kapan\u0131\u015f D\u00fc\u015f\u00fcnceleri<\/h3>\n\n\n\n<p>Konferans, yarat\u0131c\u0131 ve d\u00fc\u015f\u00fcnd\u00fcr\u00fcc\u00fc bir sunumla sona erdi. <strong>Ty Locke<\/strong>Videosunda sanat\u0131n d\u00f6n\u00fc\u015ft\u00fcr\u00fcc\u00fc g\u00fcc\u00fcn\u00fc ve bak\u0131m evlerinden ayr\u0131lan gen\u00e7lerin sanat\u0131 \u00f6z terapi ve ifade arac\u0131 olarak kullanmalar\u0131n\u0131 sergileyen sanat\u00e7\u0131.<\/p>\n\n\n\n<p>2024 CLPP Konferans\u0131, profesyoneller bir araya geldi\u011finde - uzmanl\u0131klar\u0131n\u0131 payla\u015ft\u0131\u011f\u0131nda, dikkatle dinledi\u011finde ve s\u0131n\u0131rlar\u0131 a\u015farak \u00e7al\u0131\u015ft\u0131\u011f\u0131nda - bak\u0131m evlerinden ayr\u0131lan gen\u00e7ler i\u00e7in daha g\u00fc\u00e7l\u00fc, daha destekleyici yollar olu\u015fturabilece\u011fimizi ve onlar\u0131n daha parlak bir gelece\u011fe do\u011fru ilerlemelerine yard\u0131mc\u0131 olabilece\u011fimizi g\u00fc\u00e7l\u00fc bir \u015fekilde hat\u0131rlatt\u0131.<\/p>\n\n\n\n<figure class=\"wp-block-gallery has-nested-images columns-default is-cropped wp-block-gallery-1 is-layout-flex wp-block-gallery-is-layout-flex\">\n<figure class=\"wp-block-image size-large\"><img loading=\"lazy\" decoding=\"async\" width=\"1024\" height=\"683\" data-id=\"2589\" src=\"https:\/\/careleaverpp.org\/wp-content\/uploads\/2026\/01\/kris30-1024x683.jpg\" alt=\"\" class=\"wp-image-2589\" srcset=\"https:\/\/careleaverpp.org\/wp-content\/uploads\/2026\/01\/kris30-1024x683.jpg 1024w, https:\/\/careleaverpp.org\/wp-content\/uploads\/2026\/01\/kris30-300x200.jpg 300w, https:\/\/careleaverpp.org\/wp-content\/uploads\/2026\/01\/kris30-200x133.jpg 200w, https:\/\/careleaverpp.org\/wp-content\/uploads\/2026\/01\/kris30-768x512.jpg 768w, https:\/\/careleaverpp.org\/wp-content\/uploads\/2026\/01\/kris30-1536x1024.jpg 1536w, https:\/\/careleaverpp.org\/wp-content\/uploads\/2026\/01\/kris30-2048x1365.jpg 2048w, https:\/\/careleaverpp.org\/wp-content\/uploads\/2026\/01\/kris30-18x12.jpg 18w\" sizes=\"auto, (max-width: 1024px) 100vw, 1024px\" \/><\/figure>\n\n\n\n<figure class=\"wp-block-image size-large\"><img loading=\"lazy\" decoding=\"async\" width=\"1024\" height=\"768\" data-id=\"2588\" src=\"https:\/\/careleaverpp.org\/wp-content\/uploads\/2026\/01\/kris372-1024x768.jpg\" alt=\"\" class=\"wp-image-2588\" srcset=\"https:\/\/careleaverpp.org\/wp-content\/uploads\/2026\/01\/kris372-1024x768.jpg 1024w, https:\/\/careleaverpp.org\/wp-content\/uploads\/2026\/01\/kris372-300x225.jpg 300w, https:\/\/careleaverpp.org\/wp-content\/uploads\/2026\/01\/kris372-200x150.jpg 200w, https:\/\/careleaverpp.org\/wp-content\/uploads\/2026\/01\/kris372-768x576.jpg 768w, https:\/\/careleaverpp.org\/wp-content\/uploads\/2026\/01\/kris372-1536x1152.jpg 1536w, https:\/\/careleaverpp.org\/wp-content\/uploads\/2026\/01\/kris372-2048x1536.jpg 2048w, https:\/\/careleaverpp.org\/wp-content\/uploads\/2026\/01\/kris372-16x12.jpg 16w\" sizes=\"auto, (max-width: 1024px) 100vw, 1024px\" \/><\/figure>\n\n\n\n<figure class=\"wp-block-image size-large\"><img loading=\"lazy\" decoding=\"async\" width=\"1024\" height=\"683\" data-id=\"2587\" src=\"https:\/\/careleaverpp.org\/wp-content\/uploads\/2026\/01\/kris39-1024x683.jpg\" alt=\"\" class=\"wp-image-2587\" srcset=\"https:\/\/careleaverpp.org\/wp-content\/uploads\/2026\/01\/kris39-1024x683.jpg 1024w, https:\/\/careleaverpp.org\/wp-content\/uploads\/2026\/01\/kris39-300x200.jpg 300w, https:\/\/careleaverpp.org\/wp-content\/uploads\/2026\/01\/kris39-200x133.jpg 200w, https:\/\/careleaverpp.org\/wp-content\/uploads\/2026\/01\/kris39-768x512.jpg 768w, https:\/\/careleaverpp.org\/wp-content\/uploads\/2026\/01\/kris39-1536x1024.jpg 1536w, https:\/\/careleaverpp.org\/wp-content\/uploads\/2026\/01\/kris39-2048x1365.jpg 2048w, https:\/\/careleaverpp.org\/wp-content\/uploads\/2026\/01\/kris39-18x12.jpg 18w\" sizes=\"auto, (max-width: 1024px) 100vw, 1024px\" \/><\/figure>\n\n\n\n<figure class=\"wp-block-image size-large\"><img loading=\"lazy\" decoding=\"async\" width=\"1024\" height=\"683\" data-id=\"2586\" src=\"https:\/\/careleaverpp.org\/wp-content\/uploads\/2026\/01\/kris40-1024x683.jpg\" alt=\"\" class=\"wp-image-2586\" srcset=\"https:\/\/careleaverpp.org\/wp-content\/uploads\/2026\/01\/kris40-1024x683.jpg 1024w, https:\/\/careleaverpp.org\/wp-content\/uploads\/2026\/01\/kris40-300x200.jpg 300w, https:\/\/careleaverpp.org\/wp-content\/uploads\/2026\/01\/kris40-200x133.jpg 200w, https:\/\/careleaverpp.org\/wp-content\/uploads\/2026\/01\/kris40-768x512.jpg 768w, https:\/\/careleaverpp.org\/wp-content\/uploads\/2026\/01\/kris40-1536x1024.jpg 1536w, https:\/\/careleaverpp.org\/wp-content\/uploads\/2026\/01\/kris40-2048x1365.jpg 2048w, https:\/\/careleaverpp.org\/wp-content\/uploads\/2026\/01\/kris40-18x12.jpg 18w\" sizes=\"auto, (max-width: 1024px) 100vw, 1024px\" \/><\/figure>\n\n\n\n<figure class=\"wp-block-image size-large\"><img loading=\"lazy\" decoding=\"async\" width=\"1024\" height=\"683\" data-id=\"2585\" src=\"https:\/\/careleaverpp.org\/wp-content\/uploads\/2026\/01\/kris43-1024x683.jpg\" alt=\"\" class=\"wp-image-2585\" srcset=\"https:\/\/careleaverpp.org\/wp-content\/uploads\/2026\/01\/kris43-1024x683.jpg 1024w, https:\/\/careleaverpp.org\/wp-content\/uploads\/2026\/01\/kris43-300x200.jpg 300w, https:\/\/careleaverpp.org\/wp-content\/uploads\/2026\/01\/kris43-200x133.jpg 200w, https:\/\/careleaverpp.org\/wp-content\/uploads\/2026\/01\/kris43-768x512.jpg 768w, https:\/\/careleaverpp.org\/wp-content\/uploads\/2026\/01\/kris43-1536x1024.jpg 1536w, https:\/\/careleaverpp.org\/wp-content\/uploads\/2026\/01\/kris43-2048x1365.jpg 2048w, https:\/\/careleaverpp.org\/wp-content\/uploads\/2026\/01\/kris43-18x12.jpg 18w\" sizes=\"auto, (max-width: 1024px) 100vw, 1024px\" \/><\/figure>\n\n\n\n<figure class=\"wp-block-image size-large\"><img loading=\"lazy\" decoding=\"async\" width=\"1024\" height=\"768\" data-id=\"2584\" src=\"https:\/\/careleaverpp.org\/wp-content\/uploads\/2026\/01\/Speakers2-1024x768.png\" alt=\"\" class=\"wp-image-2584\" srcset=\"https:\/\/careleaverpp.org\/wp-content\/uploads\/2026\/01\/Speakers2-1024x768.png 1024w, https:\/\/careleaverpp.org\/wp-content\/uploads\/2026\/01\/Speakers2-300x225.png 300w, https:\/\/careleaverpp.org\/wp-content\/uploads\/2026\/01\/Speakers2-200x150.png 200w, https:\/\/careleaverpp.org\/wp-content\/uploads\/2026\/01\/Speakers2-768x576.png 768w, https:\/\/careleaverpp.org\/wp-content\/uploads\/2026\/01\/Speakers2-1536x1152.png 1536w, https:\/\/careleaverpp.org\/wp-content\/uploads\/2026\/01\/Speakers2-16x12.png 16w, https:\/\/careleaverpp.org\/wp-content\/uploads\/2026\/01\/Speakers2.png 1740w\" sizes=\"auto, (max-width: 1024px) 100vw, 1024px\" \/><\/figure>\n\n\n\n<figure class=\"wp-block-image size-large\"><img loading=\"lazy\" decoding=\"async\" width=\"1024\" height=\"768\" data-id=\"2583\" src=\"https:\/\/careleaverpp.org\/wp-content\/uploads\/2026\/01\/Table-22-1-1024x768.jpg\" alt=\"\" class=\"wp-image-2583\" srcset=\"https:\/\/careleaverpp.org\/wp-content\/uploads\/2026\/01\/Table-22-1-1024x768.jpg 1024w, https:\/\/careleaverpp.org\/wp-content\/uploads\/2026\/01\/Table-22-1-300x225.jpg 300w, https:\/\/careleaverpp.org\/wp-content\/uploads\/2026\/01\/Table-22-1-200x150.jpg 200w, https:\/\/careleaverpp.org\/wp-content\/uploads\/2026\/01\/Table-22-1-768x576.jpg 768w, https:\/\/careleaverpp.org\/wp-content\/uploads\/2026\/01\/Table-22-1-1536x1152.jpg 1536w, https:\/\/careleaverpp.org\/wp-content\/uploads\/2026\/01\/Table-22-1-2048x1536.jpg 2048w, https:\/\/careleaverpp.org\/wp-content\/uploads\/2026\/01\/Table-22-1-16x12.jpg 16w\" sizes=\"auto, (max-width: 1024px) 100vw, 1024px\" \/><\/figure>\n\n\n\n<figure class=\"wp-block-image size-large\"><img loading=\"lazy\" decoding=\"async\" width=\"1024\" height=\"683\" data-id=\"2581\" src=\"https:\/\/careleaverpp.org\/wp-content\/uploads\/2026\/01\/kris-9-1024x683.jpg\" alt=\"\" class=\"wp-image-2581\" srcset=\"https:\/\/careleaverpp.org\/wp-content\/uploads\/2026\/01\/kris-9-1024x683.jpg 1024w, https:\/\/careleaverpp.org\/wp-content\/uploads\/2026\/01\/kris-9-300x200.jpg 300w, https:\/\/careleaverpp.org\/wp-content\/uploads\/2026\/01\/kris-9-200x133.jpg 200w, https:\/\/careleaverpp.org\/wp-content\/uploads\/2026\/01\/kris-9-768x512.jpg 768w, https:\/\/careleaverpp.org\/wp-content\/uploads\/2026\/01\/kris-9-1536x1024.jpg 1536w, https:\/\/careleaverpp.org\/wp-content\/uploads\/2026\/01\/kris-9-2048x1365.jpg 2048w, https:\/\/careleaverpp.org\/wp-content\/uploads\/2026\/01\/kris-9-18x12.jpg 18w\" sizes=\"auto, (max-width: 1024px) 100vw, 1024px\" \/><\/figure>\n\n\n\n<figure class=\"wp-block-image size-large\"><img loading=\"lazy\" decoding=\"async\" width=\"1024\" height=\"683\" data-id=\"2580\" src=\"https:\/\/careleaverpp.org\/wp-content\/uploads\/2026\/01\/kris27-1024x683.jpg\" alt=\"\" class=\"wp-image-2580\" srcset=\"https:\/\/careleaverpp.org\/wp-content\/uploads\/2026\/01\/kris27-1024x683.jpg 1024w, https:\/\/careleaverpp.org\/wp-content\/uploads\/2026\/01\/kris27-300x200.jpg 300w, https:\/\/careleaverpp.org\/wp-content\/uploads\/2026\/01\/kris27-200x133.jpg 200w, https:\/\/careleaverpp.org\/wp-content\/uploads\/2026\/01\/kris27-768x512.jpg 768w, https:\/\/careleaverpp.org\/wp-content\/uploads\/2026\/01\/kris27-1536x1024.jpg 1536w, https:\/\/careleaverpp.org\/wp-content\/uploads\/2026\/01\/kris27-2048x1365.jpg 2048w, https:\/\/careleaverpp.org\/wp-content\/uploads\/2026\/01\/kris27-18x12.jpg 18w\" sizes=\"auto, (max-width: 1024px) 100vw, 1024px\" \/><\/figure>\n<\/figure>","protected":false},"excerpt":{"rendered":"<p>On Thursday 4th July 2024, the Care Leavers Progression Partnership (CLPP) held its annual conference at the Universities of Greenwich and Kent at Medway, hosted in the Pilkington Building on the Medway campus. The conference theme \u2014 Inter-Agency Working: How Education Providers Can Work with Other Services to Maximise the Outcomes of Care Leavers \u2014 [&hellip;]<\/p>","protected":false},"author":2,"featured_media":2588,"comment_status":"closed","ping_status":"closed","sticky":false,"template":"","format":"standard","meta":{"_acf_changed":false,"footnotes":""},"categories":[12,10],"tags":[163,149,191,193,53,197,194,192,150],"class_list":["post-2578","post","type-post","status-publish","format-standard","has-post-thumbnail","hentry","category-events","category-past-events","tag-care-leaver","tag-cccu","tag-clpp","tag-colleges","tag-conference","tag-kriss-akabusi","tag-universities","tag-university-of-greenwich","tag-university-of-kent"],"acf":[],"_links":{"self":[{"href":"https:\/\/careleaverpp.org\/tr\/wp-json\/wp\/v2\/posts\/2578","targetHints":{"allow":["GET"]}}],"collection":[{"href":"https:\/\/careleaverpp.org\/tr\/wp-json\/wp\/v2\/posts"}],"about":[{"href":"https:\/\/careleaverpp.org\/tr\/wp-json\/wp\/v2\/types\/post"}],"author":[{"embeddable":true,"href":"https:\/\/careleaverpp.org\/tr\/wp-json\/wp\/v2\/users\/2"}],"replies":[{"embeddable":true,"href":"https:\/\/careleaverpp.org\/tr\/wp-json\/wp\/v2\/comments?post=2578"}],"version-history":[{"count":1,"href":"https:\/\/careleaverpp.org\/tr\/wp-json\/wp\/v2\/posts\/2578\/revisions"}],"predecessor-version":[{"id":2590,"href":"https:\/\/careleaverpp.org\/tr\/wp-json\/wp\/v2\/posts\/2578\/revisions\/2590"}],"wp:featuredmedia":[{"embeddable":true,"href":"https:\/\/careleaverpp.org\/tr\/wp-json\/wp\/v2\/media\/2588"}],"wp:attachment":[{"href":"https:\/\/careleaverpp.org\/tr\/wp-json\/wp\/v2\/media?parent=2578"}],"wp:term":[{"taxonomy":"category","embeddable":true,"href":"https:\/\/careleaverpp.org\/tr\/wp-json\/wp\/v2\/categories?post=2578"},{"taxonomy":"post_tag","embeddable":true,"href":"https:\/\/careleaverpp.org\/tr\/wp-json\/wp\/v2\/tags?post=2578"}],"curies":[{"name":"wp","href":"https:\/\/api.w.org\/{rel}","templated":true}]}}