{"id":2528,"date":"2025-01-22T10:13:32","date_gmt":"2025-01-22T10:13:32","guid":{"rendered":"https:\/\/careleaverpp.org\/?p=2528"},"modified":"2025-01-22T10:13:33","modified_gmt":"2025-01-22T10:13:33","slug":"undergraduate-open-days-at-the-university-for-the-creative-arts","status":"publish","type":"post","link":"https:\/\/careleaverpp.org\/sq\/undergraduate-open-days-at-the-university-for-the-creative-arts\/","title":{"rendered":"Dit\u00ebt e Hapura universitare n\u00eb Universitetin p\u00ebr Artet Kreative"},"content":{"rendered":"<p>Dit\u00ebt e Hapura t\u00eb UCA-s ju japin mund\u00ebsin\u00eb t\u00eb eksploroni kampuset e tyre, t\u00eb takoheni me akademik\u00ebt dhe ambasador\u00ebt e tyre studentor\u00eb, t\u00eb merrni pjes\u00eb n\u00eb bisedimet e kursit dhe t\u00eb merrni p\u00ebrgjigje p\u00ebr pyetjet tuaja, si dhe t\u00eb gjeni informacione t\u00eb dobishme rreth akomodimit, tarifave dhe financimit.<\/p>\n\n\n\n<p>Dita e tyre e ardhshme e Hapur \u00ebsht\u00eb t\u00eb Shtun\u00ebn m\u00eb 26 Prill 2025 dhe zgjat nga ora 9:30-15:00, me turnet\u00eb e fundit t\u00eb kampusit dhe akomodimit q\u00eb nisen n\u00eb or\u00ebn 14:30.<\/p>\n\n\n\n<p>M\u00eb shum\u00eb informacion dhe si t\u00eb rezervoni k\u00ebtu:&nbsp;<a href=\"https:\/\/www.uca.ac.uk\/study-at-uca\/opendays\/\">https:\/\/www.uca.ac.uk\/study-at-uca\/opendays\/<\/a><\/p>\n\n\n\n<p><\/p>","protected":false},"excerpt":{"rendered":"<p>UCA&#8217;s Open Days give you the opportunity to explore their campuses, meet with their academics and student ambassadors, attend course talks and have your questions answered, as well as finding out useful information about accommodation, fees and funding. Their next Open Day is on Saturday 26 April 2025 and runs from 9:30am-3:00pm, with last campus [&hellip;]<\/p>\n","protected":false},"author":2,"featured_media":2529,"comment_status":"closed","ping_status":"closed","sticky":false,"template":"","format":"standard","meta":{"_acf_changed":false,"footnotes":""},"categories":[9],"tags":[181,148],"class_list":["post-2528","post","type-post","status-publish","format-standard","has-post-thumbnail","hentry","category-future-events","tag-open-day","tag-uca"],"acf":[],"_links":{"self":[{"href":"https:\/\/careleaverpp.org\/sq\/wp-json\/wp\/v2\/posts\/2528","targetHints":{"allow":["GET"]}}],"collection":[{"href":"https:\/\/careleaverpp.org\/sq\/wp-json\/wp\/v2\/posts"}],"about":[{"href":"https:\/\/careleaverpp.org\/sq\/wp-json\/wp\/v2\/types\/post"}],"author":[{"embeddable":true,"href":"https:\/\/careleaverpp.org\/sq\/wp-json\/wp\/v2\/users\/2"}],"replies":[{"embeddable":true,"href":"https:\/\/careleaverpp.org\/sq\/wp-json\/wp\/v2\/comments?post=2528"}],"version-history":[{"count":1,"href":"https:\/\/careleaverpp.org\/sq\/wp-json\/wp\/v2\/posts\/2528\/revisions"}],"predecessor-version":[{"id":2530,"href":"https:\/\/careleaverpp.org\/sq\/wp-json\/wp\/v2\/posts\/2528\/revisions\/2530"}],"wp:featuredmedia":[{"embeddable":true,"href":"https:\/\/careleaverpp.org\/sq\/wp-json\/wp\/v2\/media\/2529"}],"wp:attachment":[{"href":"https:\/\/careleaverpp.org\/sq\/wp-json\/wp\/v2\/media?parent=2528"}],"wp:term":[{"taxonomy":"category","embeddable":true,"href":"https:\/\/careleaverpp.org\/sq\/wp-json\/wp\/v2\/categories?post=2528"},{"taxonomy":"post_tag","embeddable":true,"href":"https:\/\/careleaverpp.org\/sq\/wp-json\/wp\/v2\/tags?post=2528"}],"curies":[{"name":"wp","href":"https:\/\/api.w.org\/{rel}","templated":true}]}}