{"id":2522,"date":"2025-01-22T10:07:58","date_gmt":"2025-01-22T10:07:58","guid":{"rendered":"https:\/\/careleaverpp.org\/?p=2522"},"modified":"2025-01-22T10:07:58","modified_gmt":"2025-01-22T10:07:58","slug":"saturday-clubs-at-the-university-for-the-creative-arts","status":"publish","type":"post","link":"https:\/\/careleaverpp.org\/ro\/saturday-clubs-at-the-university-for-the-creative-arts\/","title":{"rendered":"Cluburi de s\u00e2mb\u0103t\u0103 la Universitatea pentru Arte Creative"},"content":{"rendered":"<p>Cluburile de s\u00e2mb\u0103t\u0103 ale UCA sunt conduse de practicieni creativi cu experien\u021b\u0103. Ele v\u0103 ofer\u0103 \u0219ansa de a dezvolta un portofoliu de lucru s\u0103pt\u0103m\u00e2nal de s\u0103pt\u0103m\u00e2n\u0103 \u0219i v\u0103 echipeaz\u0103 cu noi abilit\u0103\u021bi pentru a v\u0103 ajuta s\u0103 v\u0103 construi\u021bi \u00eencrederea \u0219i capacitatea de a v\u0103 exprima ideile pentru a v\u0103 perfec\u021biona practica creativ\u0103.<\/p>\n\n\n\n<p>Aceste cluburi de patru s\u0103pt\u0103m\u00e2ni se vor desf\u0103\u0219ura \u00eentre 10:00 \u0219i 14:00, de s\u00e2mb\u0103t\u0103, 8 martie, p\u00e2n\u0103 s\u00e2mb\u0103t\u0103, 29 martie 2025. Toate cluburile noastre de s\u00e2mb\u0103t\u0103 sunt libere s\u0103 participe, iar materialele sunt oferite oricui aloca un loc.<\/p>\n\n\n\n<p><strong>Cluburi de la UCA Canterbury:<\/strong><\/p>\n\n\n\n<p>Design de produs Clubul de s\u00e2mb\u0103t\u0103 pentru anii 8 \u0219i 9<\/p>\n\n\n\n<p>Art\u0103 \u0219i design club de s\u00e2mb\u0103t\u0103 pentru anii 9, 10 \u0219i 11<\/p>\n\n\n\n<p>Clubul de fotografie de s\u00e2mb\u0103t\u0103 pentru anii 9, 10 \u0219i 11<\/p>\n\n\n\n<p>Pentru mai multe informa\u021bii \u0219i pentru a aplica, pute\u021bi g\u0103si&nbsp;<a href=\"https:\/\/www.uca.ac.uk\/study-at-uca\/outreach\/saturday-clubs\/\">Aici<\/a>.<\/p>","protected":false},"excerpt":{"rendered":"<p>Cluburile de s\u00e2mb\u0103t\u0103 ale UCA sunt conduse de practicieni creativi cu experien\u021b\u0103. Acestea v\u0103 ofer\u0103 \u0219ansa de a dezvolta un portofoliu de lucr\u0103ri s\u0103pt\u0103m\u00e2n\u0103 de s\u0103pt\u0103m\u00e2n\u0103 \u0219i v\u0103 doteaz\u0103 cu noi abilit\u0103\u021bi care s\u0103 v\u0103 ajute s\u0103 v\u0103 dezvolta\u021bi \u00eencrederea \u0219i capacitatea de a v\u0103 exprima ideile pentru a v\u0103 perfec\u021biona practica creativ\u0103. Aceste cluburi de patru s\u0103pt\u0103m\u00e2ni vor avea loc \u00eentre orele 10:00 \u0219i 14:00, de la [\u2026]<\/p>","protected":false},"author":2,"featured_media":2523,"comment_status":"closed","ping_status":"closed","sticky":false,"template":"","format":"standard","meta":{"_acf_changed":false,"footnotes":""},"categories":[9],"tags":[176,180,175,148],"class_list":["post-2522","post","type-post","status-publish","format-standard","has-post-thumbnail","hentry","category-future-events","tag-club","tag-photography","tag-saturday","tag-uca"],"acf":[],"_links":{"self":[{"href":"https:\/\/careleaverpp.org\/ro\/wp-json\/wp\/v2\/posts\/2522","targetHints":{"allow":["GET"]}}],"collection":[{"href":"https:\/\/careleaverpp.org\/ro\/wp-json\/wp\/v2\/posts"}],"about":[{"href":"https:\/\/careleaverpp.org\/ro\/wp-json\/wp\/v2\/types\/post"}],"author":[{"embeddable":true,"href":"https:\/\/careleaverpp.org\/ro\/wp-json\/wp\/v2\/users\/2"}],"replies":[{"embeddable":true,"href":"https:\/\/careleaverpp.org\/ro\/wp-json\/wp\/v2\/comments?post=2522"}],"version-history":[{"count":1,"href":"https:\/\/careleaverpp.org\/ro\/wp-json\/wp\/v2\/posts\/2522\/revisions"}],"predecessor-version":[{"id":2524,"href":"https:\/\/careleaverpp.org\/ro\/wp-json\/wp\/v2\/posts\/2522\/revisions\/2524"}],"wp:featuredmedia":[{"embeddable":true,"href":"https:\/\/careleaverpp.org\/ro\/wp-json\/wp\/v2\/media\/2523"}],"wp:attachment":[{"href":"https:\/\/careleaverpp.org\/ro\/wp-json\/wp\/v2\/media?parent=2522"}],"wp:term":[{"taxonomy":"category","embeddable":true,"href":"https:\/\/careleaverpp.org\/ro\/wp-json\/wp\/v2\/categories?post=2522"},{"taxonomy":"post_tag","embeddable":true,"href":"https:\/\/careleaverpp.org\/ro\/wp-json\/wp\/v2\/tags?post=2522"}],"curies":[{"name":"wp","href":"https:\/\/api.w.org\/{rel}","templated":true}]}}