{"id":2041,"date":"2018-11-25T08:44:22","date_gmt":"2018-11-25T08:44:22","guid":{"rendered":"https:\/\/careleaverpp.org\/?p=2041"},"modified":"2019-01-02T08:44:56","modified_gmt":"2019-01-02T08:44:56","slug":"children-in-care-missing-from-mental-health-reports","status":"publish","type":"post","link":"https:\/\/careleaverpp.org\/fr\/children-in-care-missing-from-mental-health-reports\/","title":{"rendered":"Enfants pris en charge absents des rapports sur la sant\u00e9 mentale"},"content":{"rendered":"<p>L&#039;organisme de bienfaisance Become commente le manque de soutien en sant\u00e9 mentale pour les enfants pris en charge.<\/p>\n<p><!--more--><\/p>\n<p><strong>Depuis le site Web Devenir\u00a0:<\/strong><\/p>\n<p>\u00ab La plupart des enfants sont pris en charge parce qu&#039;ils ont \u00e9t\u00e9 maltrait\u00e9s et n\u00e9glig\u00e9s. Pour un trop grand nombre, le syst\u00e8me de soins ne fournit pas le soutien dont ils ont besoin pour gu\u00e9rir de ce traumatisme. En ne fournissant pas l&#039;\u00e9ducation, l&#039;affirmation et la stabilit\u00e9 n\u00e9cessaires \u00e0 la gu\u00e9rison et \u00e0 l&#039;\u00e9panouissement des enfants, le syst\u00e8me de soins lui-m\u00eame peut aggraver l&#039;h\u00e9ritage \u00e9motionnel n\u00e9gatif des exp\u00e9riences ant\u00e9rieures \u00e0 la prise en charge.<\/p>\n<p>Lire l&#039;article complet <a href=\"https:\/\/www.becomecharity.org.uk\/news-and-opinion\/children-in-care-missing-from-mental-health-reports\/\" target=\"_blank\" rel=\"noopener\">ici<\/a>.<\/p>","protected":false},"excerpt":{"rendered":"<p>L&#039;organisme de bienfaisance Become commente le manque de soutien en sant\u00e9 mentale pour les enfants pris en charge.<\/p>","protected":false},"author":2,"featured_media":2042,"comment_status":"closed","ping_status":"closed","sticky":false,"template":"","format":"standard","meta":{"_acf_changed":false,"footnotes":""},"categories":[7],"tags":[125,91,72],"class_list":["post-2041","post","type-post","status-publish","format-standard","has-post-thumbnail","hentry","category-news","tag-children-in-care","tag-looked-after-children","tag-mental-health"],"acf":[],"_links":{"self":[{"href":"https:\/\/careleaverpp.org\/fr\/wp-json\/wp\/v2\/posts\/2041","targetHints":{"allow":["GET"]}}],"collection":[{"href":"https:\/\/careleaverpp.org\/fr\/wp-json\/wp\/v2\/posts"}],"about":[{"href":"https:\/\/careleaverpp.org\/fr\/wp-json\/wp\/v2\/types\/post"}],"author":[{"embeddable":true,"href":"https:\/\/careleaverpp.org\/fr\/wp-json\/wp\/v2\/users\/2"}],"replies":[{"embeddable":true,"href":"https:\/\/careleaverpp.org\/fr\/wp-json\/wp\/v2\/comments?post=2041"}],"version-history":[{"count":0,"href":"https:\/\/careleaverpp.org\/fr\/wp-json\/wp\/v2\/posts\/2041\/revisions"}],"wp:featuredmedia":[{"embeddable":true,"href":"https:\/\/careleaverpp.org\/fr\/wp-json\/wp\/v2\/media\/2042"}],"wp:attachment":[{"href":"https:\/\/careleaverpp.org\/fr\/wp-json\/wp\/v2\/media?parent=2041"}],"wp:term":[{"taxonomy":"category","embeddable":true,"href":"https:\/\/careleaverpp.org\/fr\/wp-json\/wp\/v2\/categories?post=2041"},{"taxonomy":"post_tag","embeddable":true,"href":"https:\/\/careleaverpp.org\/fr\/wp-json\/wp\/v2\/tags?post=2041"}],"curies":[{"name":"wp","href":"https:\/\/api.w.org\/{rel}","templated":true}]}}