{"id":2407,"date":"2023-09-20T11:57:06","date_gmt":"2023-09-20T10:57:06","guid":{"rendered":"https:\/\/careleaverpp.org\/?p=2407"},"modified":"2023-09-27T11:44:34","modified_gmt":"2023-09-27T10:44:34","slug":"care-leaver-progression-partnership-conference-20th-june-2023","status":"publish","type":"post","link":"https:\/\/careleaverpp.org\/es\/care-leaver-progression-partnership-conference-20th-june-2023\/","title":{"rendered":"Conferencia de asociaci\u00f3n para la progresi\u00f3n del abandono del cuidado: 20 de junio de 2023"},"content":{"rendered":"<p><a><strong>Trabajo interinstitucional: c\u00f3mo los proveedores de educaci\u00f3n pueden trabajar con otros servicios para maximizar los resultados de quienes abandonan la tutela<\/strong><\/a><\/p>\n\n\n\n<p>El 20 de junio de 2023, m\u00e1s de 100 delegados se unieron a nosotros en el campus Medway de la Universidad de Greenwich en Chatham para celebrar los logros de los que abandonaron el cuidado en nuestras instituciones y para analizar c\u00f3mo podemos trabajar con mayor holismo para mejorar los resultados de nuestra atenci\u00f3n. los que salen.<\/p>\n\n\n\n<p>Escuchamos a Karen Sharp, directora del Programa de Asociaci\u00f3n de Atenci\u00f3n Integrada de East Kent, con una historia de c\u00f3mo desafiar los prejuicios y encontrar el \u00e9xito.<\/p>\n\n\n\n<p>Tambi\u00e9n tuvimos la suerte de escuchar a estudiantes con experiencia en cuidados que solicitaron asilo en el Reino Unido, cuyas historias fueron humillantes.<\/p>\n\n\n\n<p>Realizamos cinco talleres, que incluyeron el debut de la concientizaci\u00f3n sobre el autismo, as\u00ed como otros dirigidos por Virtual School Kent, ECPAT UK, St. Giles Trust y NHS y, rompiendo con la tradici\u00f3n, un taller para todos los delegados.<\/p>\n\n\n\n<figure class=\"wp-block-image aligncenter size-large\" style=\"margin-bottom: 2rem;\"><img loading=\"lazy\" decoding=\"async\" width=\"768\" height=\"1024\" src=\"https:\/\/careleaverpp.org\/wp-content\/uploads\/2023\/09\/Photo-16-768x1024.jpg\" alt=\"\" class=\"wp-image-2428\" srcset=\"https:\/\/careleaverpp.org\/wp-content\/uploads\/2023\/09\/Photo-16-768x1024.jpg 768w, https:\/\/careleaverpp.org\/wp-content\/uploads\/2023\/09\/Photo-16-225x300.jpg 225w, https:\/\/careleaverpp.org\/wp-content\/uploads\/2023\/09\/Photo-16-150x200.jpg 150w, https:\/\/careleaverpp.org\/wp-content\/uploads\/2023\/09\/Photo-16-1152x1536.jpg 1152w, https:\/\/careleaverpp.org\/wp-content\/uploads\/2023\/09\/Photo-16-9x12.jpg 9w, https:\/\/careleaverpp.org\/wp-content\/uploads\/2023\/09\/Photo-16.jpg 1536w\" sizes=\"auto, (max-width: 768px) 100vw, 768px\" \/><\/figure>\n\n\n\n<p><\/p>\n\n\n\n<figure class=\"wp-block-gallery has-nested-images columns-default is-cropped wp-block-gallery-1 is-layout-flex wp-block-gallery-is-layout-flex\">\n<figure class=\"wp-block-image size-large\"><img loading=\"lazy\" decoding=\"async\" width=\"1024\" height=\"768\" data-id=\"2421\" src=\"https:\/\/careleaverpp.org\/wp-content\/uploads\/2023\/09\/Photo-9-1024x768.jpg\" alt=\"\" class=\"wp-image-2421\" srcset=\"https:\/\/careleaverpp.org\/wp-content\/uploads\/2023\/09\/Photo-9-1024x768.jpg 1024w, https:\/\/careleaverpp.org\/wp-content\/uploads\/2023\/09\/Photo-9-300x225.jpg 300w, https:\/\/careleaverpp.org\/wp-content\/uploads\/2023\/09\/Photo-9-200x150.jpg 200w, https:\/\/careleaverpp.org\/wp-content\/uploads\/2023\/09\/Photo-9-768x576.jpg 768w, https:\/\/careleaverpp.org\/wp-content\/uploads\/2023\/09\/Photo-9-1536x1152.jpg 1536w, https:\/\/careleaverpp.org\/wp-content\/uploads\/2023\/09\/Photo-9-16x12.jpg 16w, https:\/\/careleaverpp.org\/wp-content\/uploads\/2023\/09\/Photo-9.jpg 2048w\" sizes=\"auto, (max-width: 1024px) 100vw, 1024px\" \/><\/figure>\n<\/figure>","protected":false},"excerpt":{"rendered":"<p>Trabajo interinstitucional: c\u00f3mo los proveedores de educaci\u00f3n pueden trabajar con otros servicios para maximizar los resultados de quienes abandonan el cuidado El 20 de junio de 2023, m\u00e1s de 100 delegados se unieron a nosotros en el campus Medway de la Universidad de Greenwich en Chatham para celebrar los logros de quienes abandonan el cuidado en todo nuestro instituciones y ver c\u00f3mo podemos trabajar [\u2026]<\/p>","protected":false},"author":2,"featured_media":2408,"comment_status":"closed","ping_status":"closed","sticky":false,"template":"","format":"standard","meta":{"_acf_changed":false,"footnotes":""},"categories":[10],"tags":[],"class_list":["post-2407","post","type-post","status-publish","format-standard","has-post-thumbnail","hentry","category-past-events"],"acf":[],"_links":{"self":[{"href":"https:\/\/careleaverpp.org\/es\/wp-json\/wp\/v2\/posts\/2407","targetHints":{"allow":["GET"]}}],"collection":[{"href":"https:\/\/careleaverpp.org\/es\/wp-json\/wp\/v2\/posts"}],"about":[{"href":"https:\/\/careleaverpp.org\/es\/wp-json\/wp\/v2\/types\/post"}],"author":[{"embeddable":true,"href":"https:\/\/careleaverpp.org\/es\/wp-json\/wp\/v2\/users\/2"}],"replies":[{"embeddable":true,"href":"https:\/\/careleaverpp.org\/es\/wp-json\/wp\/v2\/comments?post=2407"}],"version-history":[{"count":5,"href":"https:\/\/careleaverpp.org\/es\/wp-json\/wp\/v2\/posts\/2407\/revisions"}],"predecessor-version":[{"id":2435,"href":"https:\/\/careleaverpp.org\/es\/wp-json\/wp\/v2\/posts\/2407\/revisions\/2435"}],"wp:featuredmedia":[{"embeddable":true,"href":"https:\/\/careleaverpp.org\/es\/wp-json\/wp\/v2\/media\/2408"}],"wp:attachment":[{"href":"https:\/\/careleaverpp.org\/es\/wp-json\/wp\/v2\/media?parent=2407"}],"wp:term":[{"taxonomy":"category","embeddable":true,"href":"https:\/\/careleaverpp.org\/es\/wp-json\/wp\/v2\/categories?post=2407"},{"taxonomy":"post_tag","embeddable":true,"href":"https:\/\/careleaverpp.org\/es\/wp-json\/wp\/v2\/tags?post=2407"}],"curies":[{"name":"wp","href":"https:\/\/api.w.org\/{rel}","templated":true}]}}